{"id":59,"date":"2017-02-10T20:11:34","date_gmt":"2017-02-10T19:11:34","guid":{"rendered":"http:\/\/blog4schools.de\/brunosblog\/?p=59"},"modified":"2017-02-13T10:21:22","modified_gmt":"2017-02-13T09:21:22","slug":"marek-hilbert-10a-sieger-bei-jugend-debattiert-in-der-gruppe-acht-bis-zehntklaessler","status":"publish","type":"post","link":"http:\/\/blog4schools.de\/brunosblog\/2017\/02\/10\/marek-hilbert-10a-sieger-bei-jugend-debattiert-in-der-gruppe-acht-bis-zehntklaessler\/","title":{"rendered":"Marek Hilbert ist der Sieger bei Jugend debattiert in der Gruppe Acht- bis Zehntkl\u00e4ssler!"},"content":{"rendered":"<p><strong>Merle und Marek aus dem 10. Jahrgang nahmen erfolgreich an \u201eJugend debattiert\u201c teil! <\/strong><\/p>\n<p>Merle Paetsch (15 Jahre)\u00a0 und Marek Hilbert (16 Jahre) haben am 01. Februar 2017 an dem Rhetorikwettbewerb \u201eJugend debattiert\u201c teilgenommen. Der Regionalentscheid fand im Schloss Wolfsburg statt.<\/p>\n<p>Durch Frau Betzner, Frau Jahn und Frau Friedrich wurde es m\u00f6glich gemacht, dass Sch\u00fclerinnen und Sch\u00fcler\u00a0 unserer Schule bei Jugend debattiert teilnehmen k\u00f6nnen.<\/p>\n<p>Zusammen mit der Mitsch\u00fclerin Jacqueline Fougery, die leider kurzfristig nicht teilnehmen konnte, \u00a0haben sich Merle und Marek intensiv vorbereitet und Informationen zu dem vorgegebenen Thema \u201eSollen im Deutschunterricht regelm\u00e4\u00dfig l\u00e4ngere Gedichte auswendig gelernt werden?\u201c herausgesucht und aufgearbeitet. Die beiden Teilnehmer berichteten, dass sie anfangs nerv\u00f6s waren, dies mit der Zeit aber abnahm. Insgesamt war es f\u00fcr beide ein spannendes Erlebnis.<\/p>\n<p>&nbsp;<\/p>\n<p>Marek belegte den unglaublichen ersten Platz bei den Acht- bis Zehntkl\u00e4sslern! Wir gratulieren ihm zu dieser tollen Leistung! \u00a0Somit qualifizierte er sich \u00a0f\u00fcr den Landesentscheid, der am 07. M\u00e4rz 2017 im Landtag in Hannover stattfinden wird.<\/p>\n<p>Wir dr\u00fccken die Daumen!<\/p>\n<p>&nbsp;<\/p>\n<p>Frau Betzner, Marek, Merle und Frau Friedrich bei Jugend debattiert im Wolfsburger Schloss:<\/p>\n<div id=\"attachment_64\" style=\"width: 310px\" class=\"wp-caption alignnone\"><img loading=\"lazy\" decoding=\"async\" aria-describedby=\"caption-attachment-64\" class=\"size-medium wp-image-64\" src=\"http:\/\/blog4schools.de\/brunosblog\/wp-content\/uploads\/sites\/18\/2017\/02\/MG_5080-300x200.jpg\" alt=\"\" width=\"300\" height=\"200\" \/><p id=\"caption-attachment-64\" class=\"wp-caption-text\">Foto von Nicole Trnka<\/p><\/div>\n","protected":false},"excerpt":{"rendered":"<p>Merle und Marek aus dem 10. Jahrgang nahmen erfolgreich an \u201eJugend debattiert\u201c teil! Merle Paetsch (15 Jahre)\u00a0 und Marek Hilbert (16 Jahre) haben am 01. Februar 2017 an dem Rhetorikwettbewerb \u201eJugend debattiert\u201c teilgenommen. Der Regionalentscheid fand im Schloss Wolfsburg statt.&hellip; <a href=\"http:\/\/blog4schools.de\/brunosblog\/2017\/02\/10\/marek-hilbert-10a-sieger-bei-jugend-debattiert-in-der-gruppe-acht-bis-zehntklaessler\/\" class=\"more-link\">Weiterlesen <span class=\"meta-nav\">&rarr;<\/span><\/a><\/p>\n","protected":false},"author":74,"featured_media":64,"comment_status":"open","ping_status":"open","sticky":false,"template":"","format":"standard","meta":{"footnotes":""},"categories":[1,2],"tags":[16,15],"_links":{"self":[{"href":"http:\/\/blog4schools.de\/brunosblog\/wp-json\/wp\/v2\/posts\/59"}],"collection":[{"href":"http:\/\/blog4schools.de\/brunosblog\/wp-json\/wp\/v2\/posts"}],"about":[{"href":"http:\/\/blog4schools.de\/brunosblog\/wp-json\/wp\/v2\/types\/post"}],"author":[{"embeddable":true,"href":"http:\/\/blog4schools.de\/brunosblog\/wp-json\/wp\/v2\/users\/74"}],"replies":[{"embeddable":true,"href":"http:\/\/blog4schools.de\/brunosblog\/wp-json\/wp\/v2\/comments?post=59"}],"version-history":[{"count":5,"href":"http:\/\/blog4schools.de\/brunosblog\/wp-json\/wp\/v2\/posts\/59\/revisions"}],"predecessor-version":[{"id":65,"href":"http:\/\/blog4schools.de\/brunosblog\/wp-json\/wp\/v2\/posts\/59\/revisions\/65"}],"wp:featuredmedia":[{"embeddable":true,"href":"http:\/\/blog4schools.de\/brunosblog\/wp-json\/wp\/v2\/media\/64"}],"wp:attachment":[{"href":"http:\/\/blog4schools.de\/brunosblog\/wp-json\/wp\/v2\/media?parent=59"}],"wp:term":[{"taxonomy":"category","embeddable":true,"href":"http:\/\/blog4schools.de\/brunosblog\/wp-json\/wp\/v2\/categories?post=59"},{"taxonomy":"post_tag","embeddable":true,"href":"http:\/\/blog4schools.de\/brunosblog\/wp-json\/wp\/v2\/tags?post=59"}],"curies":[{"name":"wp","href":"https:\/\/api.w.org\/{rel}","templated":true}]}}