{"id":68,"date":"2017-03-15T08:54:50","date_gmt":"2017-03-15T07:54:50","guid":{"rendered":"http:\/\/blog4schools.de\/brunosblog\/?p=68"},"modified":"2017-03-15T08:54:50","modified_gmt":"2017-03-15T07:54:50","slug":"marek-gewinnt-landesentscheid-von-jugend-debattiert","status":"publish","type":"post","link":"http:\/\/blog4schools.de\/brunosblog\/2017\/03\/15\/marek-gewinnt-landesentscheid-von-jugend-debattiert\/","title":{"rendered":"MAREK GEWINNT LANDESENTSCHEID VON \u201eJUGEND DEBATTIERT\u201c"},"content":{"rendered":"<p>Nachdem wir schon von dem tollen Sieg Mareks bei \u00a0\u201eJugend debattiert\u201c auf Kreisebene berichtet hatten, k\u00f6nnen wir nun auch sagen, dass der Landessieger des Wettbewerbs von unserer Schule kommt!<\/p>\n<p>Marek gewann am Dienstag, den 07.03.2017, im nieders\u00e4chsischen Landtag den Landeswettbewerb. Er setzte sich somit gegen Gymnasien und Gesamtschulen aus ganz Niedersachsen durch.<\/p>\n<p>Zusammen mit seinem Team, das aus Merle, Jacqueline und Kenzo besteht, hatte er sich wieder sehr intensiv auf die Debatte vorbereitet. Mit dem Finalthema \u201eSollen an \u00f6ffentlichen Schulen in Niedersachsen Spezialklassen f\u00fcr besonders leistungsstarke Sch\u00fcler eingerichtet werden?\u201c \u00a0hatte Marek\u00a0 ein kleines Heimspiel, denn genau solche Ideen vertritt unsere Schule \u2013 in der alle gemeinsam Lernen und individuell gef\u00f6rdert sowie gefordert werden \u2013 nicht. \u00a0Marek gl\u00e4nzte mit seiner Leistung. Wir sind sehr stolz auf ihn und gratulieren ihm herzlich!<\/p>\n<p>Ab dem 15.06.2017 wird Marek im Deutschen Bundestag in Berlin gegen viele andere Sch\u00fclerinnen und Sch\u00fcler aus verschiedenen Bundesl\u00e4ndern im Finale debattieren. \u00a0Daf\u00fcr dr\u00fccken wir ihm sehr die Daumen!<\/p>\n<div id=\"attachment_69\" style=\"width: 310px\" class=\"wp-caption alignnone\"><img loading=\"lazy\" decoding=\"async\" aria-describedby=\"caption-attachment-69\" class=\"size-medium wp-image-69\" src=\"http:\/\/blog4schools.de\/brunosblog\/wp-content\/uploads\/sites\/18\/2017\/03\/IMG-20170313-WA0000-300x169.jpg\" alt=\"\" width=\"300\" height=\"169\" srcset=\"http:\/\/blog4schools.de\/brunosblog\/wp-content\/uploads\/sites\/18\/2017\/03\/IMG-20170313-WA0000-300x169.jpg 300w, http:\/\/blog4schools.de\/brunosblog\/wp-content\/uploads\/sites\/18\/2017\/03\/IMG-20170313-WA0000-768x431.jpg 768w, http:\/\/blog4schools.de\/brunosblog\/wp-content\/uploads\/sites\/18\/2017\/03\/IMG-20170313-WA0000-1024x575.jpg 1024w, http:\/\/blog4schools.de\/brunosblog\/wp-content\/uploads\/sites\/18\/2017\/03\/IMG-20170313-WA0000.jpg 1296w\" sizes=\"(max-width: 300px) 100vw, 300px\" \/><p id=\"caption-attachment-69\" class=\"wp-caption-text\">Der Landessieger Marek im Nieders\u00e4chsischen Landtag (Foto von F. Betzner)<\/p><\/div>\n","protected":false},"excerpt":{"rendered":"<p>Nachdem wir schon von dem tollen Sieg Mareks bei \u00a0\u201eJugend debattiert\u201c auf Kreisebene berichtet hatten, k\u00f6nnen wir nun auch sagen, dass der Landessieger des Wettbewerbs von unserer Schule kommt! Marek gewann am Dienstag, den 07.03.2017, im nieders\u00e4chsischen Landtag den Landeswettbewerb.&hellip; <a href=\"http:\/\/blog4schools.de\/brunosblog\/2017\/03\/15\/marek-gewinnt-landesentscheid-von-jugend-debattiert\/\" class=\"more-link\">Weiterlesen <span class=\"meta-nav\">&rarr;<\/span><\/a><\/p>\n","protected":false},"author":74,"featured_media":69,"comment_status":"open","ping_status":"open","sticky":false,"template":"","format":"standard","meta":{"footnotes":""},"categories":[1,2],"tags":[16,15],"_links":{"self":[{"href":"http:\/\/blog4schools.de\/brunosblog\/wp-json\/wp\/v2\/posts\/68"}],"collection":[{"href":"http:\/\/blog4schools.de\/brunosblog\/wp-json\/wp\/v2\/posts"}],"about":[{"href":"http:\/\/blog4schools.de\/brunosblog\/wp-json\/wp\/v2\/types\/post"}],"author":[{"embeddable":true,"href":"http:\/\/blog4schools.de\/brunosblog\/wp-json\/wp\/v2\/users\/74"}],"replies":[{"embeddable":true,"href":"http:\/\/blog4schools.de\/brunosblog\/wp-json\/wp\/v2\/comments?post=68"}],"version-history":[{"count":1,"href":"http:\/\/blog4schools.de\/brunosblog\/wp-json\/wp\/v2\/posts\/68\/revisions"}],"predecessor-version":[{"id":70,"href":"http:\/\/blog4schools.de\/brunosblog\/wp-json\/wp\/v2\/posts\/68\/revisions\/70"}],"wp:featuredmedia":[{"embeddable":true,"href":"http:\/\/blog4schools.de\/brunosblog\/wp-json\/wp\/v2\/media\/69"}],"wp:attachment":[{"href":"http:\/\/blog4schools.de\/brunosblog\/wp-json\/wp\/v2\/media?parent=68"}],"wp:term":[{"taxonomy":"category","embeddable":true,"href":"http:\/\/blog4schools.de\/brunosblog\/wp-json\/wp\/v2\/categories?post=68"},{"taxonomy":"post_tag","embeddable":true,"href":"http:\/\/blog4schools.de\/brunosblog\/wp-json\/wp\/v2\/tags?post=68"}],"curies":[{"name":"wp","href":"https:\/\/api.w.org\/{rel}","templated":true}]}}