{"id":105,"date":"2013-02-21T11:28:51","date_gmt":"2013-02-21T10:28:51","guid":{"rendered":"http:\/\/blog.4teachers.de\/didacta2013\/?p=105"},"modified":"2013-02-21T11:28:51","modified_gmt":"2013-02-21T10:28:51","slug":"3-messetag-und-bergfest","status":"publish","type":"post","link":"http:\/\/blog4schools.de\/didacta\/2013\/02\/3-messetag-und-bergfest\/","title":{"rendered":"3. Messetag und Bergfest"},"content":{"rendered":"<p>Heute ist mal wieder volles Programm. Die Redakteure\u00a0stehen in Didacta- Maximalbesetzung mit Rat und Tat, fr\u00f6hlich und mit Augenlidern auf Halbmast gern allen Besuchern zur Verf\u00fcgung.<\/p>\n<p>Einige Reds treten heute wieder die Heimreise mit vielen tollen Begegnungen im Gep\u00e4ck an. \ud83d\ude09 Docman als Newcomer\u00a0 und Senior wurde konditionell fast &#8222;kaputtgespielt&#8220;.\u00a0Davon hatte er sich aber\u00a0schon nach 5 Minuten erholt.<\/p>\n<p>Nun ist es inzwischen kurz nach dem Mittag und bei 4teachers.de ist\u00a0eine rege\u00a0und konzentrierte Atmosph\u00e4re des Austausches. Kleine Eindr\u00fccke vermitteln den Daheimgebliebenen unsere Schnappsch\u00fcsse.<\/p>\n<p><img loading=\"lazy\" decoding=\"async\" class=\"alignnone size-medium wp-image-110\" src=\"http:\/\/blog4schools.de\/didacta\/wp-content\/uploads\/sites\/9\/2013\/02\/Stand-kl5-300x224.jpg\" alt=\"Stand-kl5\" width=\"168\" height=\"142\" \/>\u00a0 <img loading=\"lazy\" decoding=\"async\" class=\"alignnone size-medium wp-image-111\" src=\"http:\/\/blog4schools.de\/didacta\/wp-content\/uploads\/sites\/9\/2013\/02\/Stand-kl7-300x224.jpg\" alt=\"Stand-kl7\" width=\"192\" height=\"140\" \/><\/p>\n","protected":false},"excerpt":{"rendered":"<p>Heute ist mal wieder volles Programm. Die Redakteure\u00a0stehen in Didacta- Maximalbesetzung mit Rat und Tat, fr\u00f6hlich und mit Augenlidern auf Halbmast gern allen Besuchern zur Verf\u00fcgung. Einige Reds treten heute wieder die Heimreise mit vielen tollen Begegnungen im Gep\u00e4ck an.&hellip; <a href=\"http:\/\/blog4schools.de\/didacta\/2013\/02\/3-messetag-und-bergfest\/\" class=\"more-link\">Weiterlesen <span class=\"meta-nav\">&rarr;<\/span><\/a><\/p>\n","protected":false},"author":1,"featured_media":0,"comment_status":"open","ping_status":"open","sticky":false,"template":"","format":"standard","meta":{"footnotes":""},"categories":[1],"tags":[3,4,6,7,8,9,12,14,15,16,17,18,20,21,22,24],"_links":{"self":[{"href":"http:\/\/blog4schools.de\/didacta\/wp-json\/wp\/v2\/posts\/105"}],"collection":[{"href":"http:\/\/blog4schools.de\/didacta\/wp-json\/wp\/v2\/posts"}],"about":[{"href":"http:\/\/blog4schools.de\/didacta\/wp-json\/wp\/v2\/types\/post"}],"author":[{"embeddable":true,"href":"http:\/\/blog4schools.de\/didacta\/wp-json\/wp\/v2\/users\/1"}],"replies":[{"embeddable":true,"href":"http:\/\/blog4schools.de\/didacta\/wp-json\/wp\/v2\/comments?post=105"}],"version-history":[{"count":0,"href":"http:\/\/blog4schools.de\/didacta\/wp-json\/wp\/v2\/posts\/105\/revisions"}],"wp:attachment":[{"href":"http:\/\/blog4schools.de\/didacta\/wp-json\/wp\/v2\/media?parent=105"}],"wp:term":[{"taxonomy":"category","embeddable":true,"href":"http:\/\/blog4schools.de\/didacta\/wp-json\/wp\/v2\/categories?post=105"},{"taxonomy":"post_tag","embeddable":true,"href":"http:\/\/blog4schools.de\/didacta\/wp-json\/wp\/v2\/tags?post=105"}],"curies":[{"name":"wp","href":"https:\/\/api.w.org\/{rel}","templated":true}]}}