{"id":2443,"date":"2012-07-01T14:15:14","date_gmt":"2012-07-01T13:15:14","guid":{"rendered":"http:\/\/blog.4teachers.de\/drachenburg\/?p=2443"},"modified":"2017-03-10T19:17:45","modified_gmt":"2017-03-10T18:17:45","slug":"in-fremde-zimmer-gekuckt","status":"publish","type":"post","link":"http:\/\/blog4schools.de\/drachenburg\/2012\/07\/01\/in-fremde-zimmer-gekuckt\/","title":{"rendered":"In fremde Zimmer gekuckt"},"content":{"rendered":"<p style=\"text-align: justify;\">Am Donnerstag durfte ich in fremde Klassenzimmer kucken. Ich hospitierte in einer Klasse 1\/2 und in einer 3\/4 an einer Montessorischule in Sachsen-Anhalt. Die Klassenr\u00e4ume waren freundlich und reich an Material; der Flur zeugte von interessanten Projekten und der Umgang der P\u00e4dagogen miteinander und mit den Sch\u00fclern war freundlich und respektvoll und frei von &#8222;Genervtsein&#8220;. Letzteres ist etwas, was ich f\u00fcr mich anstrebe. Wer mich kennt, wei\u00df, dass ich nicht so schnell &#8222;hochgehe&#8220; &#8211; ich denke aber, ich kann das noch besser.<br \/>\nIn der gemischten Klasse 1\/2 haben die Kinder in der Beobachtungszeit zum gro\u00dfen Teil mit Nicht-Montessori-Materialien gearbeitet. Viele arbeiteten mit einer W\u00f6rterkartei, einige bearbeiteten Mathe- oder Deutscharbeitsbl\u00e4tter oder nutzten ihre Arbeitshefte. Ein Junge l\u00f6ste Malaufgaben in seinem Mathearbeitsheft. Die Lehrerin erkl\u00e4rte ihm, als sie es bemerkte, dass sie verabredet h\u00e4tten, dass er diese Aufgaben erst l\u00f6sen darf, wenn er das Einmaleins schon mit Perlenmaterial ge\u00fcbt hat. Dadurch kam ich also in den Genuss einer Einf\u00fchrung dieses Materials. <a href=\"http:\/\/www.montessori-shop.de\/material\/perlenmaterial-zur-mul-225.php\" target=\"_blank\">Diesen Kasten<\/a> m\u00f6chte ich auch zu gern in meiner Klasse haben. Er ist mir aber doch zu teuer. Ich habe mir bisher erst <a href=\"http:\/\/www.montessori-shop.de\/material\/perlenmaterial-1---10--154.php\" target=\"_blank\">das kleine Set<\/a> geg\u00f6nnt.<\/p>\n<p style=\"text-align: center;\"><a href=\"http:\/\/blog4schools.de\/drachenburg\/wp-content\/uploads\/sites\/3\/2012\/07\/perlenmaterial.jpg\"><img loading=\"lazy\" decoding=\"async\" class=\"alignnone size-full wp-image-3538\" src=\"http:\/\/blog4schools.de\/drachenburg\/wp-content\/uploads\/sites\/3\/2012\/07\/perlenmaterial.jpg\" alt=\"\" width=\"800\" height=\"524\" srcset=\"http:\/\/blog4schools.de\/drachenburg\/wp-content\/uploads\/sites\/3\/2012\/07\/perlenmaterial.jpg 800w, http:\/\/blog4schools.de\/drachenburg\/wp-content\/uploads\/sites\/3\/2012\/07\/perlenmaterial-300x197.jpg 300w, http:\/\/blog4schools.de\/drachenburg\/wp-content\/uploads\/sites\/3\/2012\/07\/perlenmaterial-768x503.jpg 768w\" sizes=\"(max-width: 800px) 100vw, 800px\" \/><\/a><\/p>\n<p style=\"text-align: center;\">\n<p style=\"text-align: justify;\">In der Klasse 3\/4 konnte ich keine Arbeitsphase beobachten. Das wusste ich aber vorher. Statt dessen beobachtete ich eine Konferenz zur Planung der Abschlussfeier. Eine Lehrerin \u00fcbernahm die Moderation &#8211; die Kinder waren die Verantwortlichen f\u00fcr die Feier. Sie hatten sich in Gruppen eingeteilt hatten und sprachen nun \u00fcber den Stand ihrer Vorbereitungen. \u00dcber Nachfragen der Moderatorin wurden Ideen verfeinert bzw. neue Ideen entwickelt und auch gesagt, wobei die Gruppe Hilfe ben\u00f6tigt. Dieses Ma\u00df an Selbst\u00e4ndigkeit hat mich sehr beeindruckt. Und die Feier wird bestimmt gelingen.<\/p>\n<p style=\"text-align: justify;\">Im Klassenraum sah ich noch einen Rahmen, an dem man die Uhrzeit mit Perlen darstellen kann. Das finde ich ziemlich cool.<\/p>\n<p style=\"text-align: center;\"><a href=\"http:\/\/blog4schools.de\/drachenburg\/wp-content\/uploads\/sites\/3\/2012\/07\/uhrzeit_perlen_2.jpg\"><img loading=\"lazy\" decoding=\"async\" class=\"alignnone size-full wp-image-3539\" src=\"http:\/\/blog4schools.de\/drachenburg\/wp-content\/uploads\/sites\/3\/2012\/07\/uhrzeit_perlen_2.jpg\" alt=\"\" width=\"763\" height=\"476\" srcset=\"http:\/\/blog4schools.de\/drachenburg\/wp-content\/uploads\/sites\/3\/2012\/07\/uhrzeit_perlen_2.jpg 763w, http:\/\/blog4schools.de\/drachenburg\/wp-content\/uploads\/sites\/3\/2012\/07\/uhrzeit_perlen_2-300x187.jpg 300w\" sizes=\"(max-width: 763px) 100vw, 763px\" \/><\/a><\/p>\n","protected":false},"excerpt":{"rendered":"<p>Am Donnerstag durfte ich in fremde Klassenzimmer kucken. Ich hospitierte in einer Klasse 1\/2 und in einer 3\/4 an einer Montessorischule in Sachsen-Anhalt. Die Klassenr\u00e4ume waren freundlich und reich an Material; der Flur zeugte von interessanten Projekten und der Umgang der P\u00e4dagogen miteinander und mit den Sch\u00fclern war freundlich und respektvoll und frei von &#8222;Genervtsein&#8220;. &hellip; <a href=\"http:\/\/blog4schools.de\/drachenburg\/2012\/07\/01\/in-fremde-zimmer-gekuckt\/\" class=\"more-link\"><span class=\"screen-reader-text\">In fremde Zimmer gekuckt<\/span> weiterlesen <span class=\"meta-nav\">&rarr;<\/span><\/a><\/p>\n","protected":false},"author":4,"featured_media":0,"comment_status":"open","ping_status":"open","sticky":false,"template":"","format":"standard","meta":{"footnotes":""},"categories":[9,11],"tags":[35,70],"_links":{"self":[{"href":"http:\/\/blog4schools.de\/drachenburg\/wp-json\/wp\/v2\/posts\/2443"}],"collection":[{"href":"http:\/\/blog4schools.de\/drachenburg\/wp-json\/wp\/v2\/posts"}],"about":[{"href":"http:\/\/blog4schools.de\/drachenburg\/wp-json\/wp\/v2\/types\/post"}],"author":[{"embeddable":true,"href":"http:\/\/blog4schools.de\/drachenburg\/wp-json\/wp\/v2\/users\/4"}],"replies":[{"embeddable":true,"href":"http:\/\/blog4schools.de\/drachenburg\/wp-json\/wp\/v2\/comments?post=2443"}],"version-history":[{"count":2,"href":"http:\/\/blog4schools.de\/drachenburg\/wp-json\/wp\/v2\/posts\/2443\/revisions"}],"predecessor-version":[{"id":3540,"href":"http:\/\/blog4schools.de\/drachenburg\/wp-json\/wp\/v2\/posts\/2443\/revisions\/3540"}],"wp:attachment":[{"href":"http:\/\/blog4schools.de\/drachenburg\/wp-json\/wp\/v2\/media?parent=2443"}],"wp:term":[{"taxonomy":"category","embeddable":true,"href":"http:\/\/blog4schools.de\/drachenburg\/wp-json\/wp\/v2\/categories?post=2443"},{"taxonomy":"post_tag","embeddable":true,"href":"http:\/\/blog4schools.de\/drachenburg\/wp-json\/wp\/v2\/tags?post=2443"}],"curies":[{"name":"wp","href":"https:\/\/api.w.org\/{rel}","templated":true}]}}