{"id":2595,"date":"2012-09-12T16:10:06","date_gmt":"2012-09-12T15:10:06","guid":{"rendered":"http:\/\/blog.4teachers.de\/drachenburg\/?p=2595"},"modified":"2017-03-10T19:41:26","modified_gmt":"2017-03-10T18:41:26","slug":"ernte-aus-papas-garten","status":"publish","type":"post","link":"http:\/\/blog4schools.de\/drachenburg\/2012\/09\/12\/ernte-aus-papas-garten\/","title":{"rendered":"Erntezeit"},"content":{"rendered":"<p style=\"text-align: justify;\">Seit Wochen kaufe ich kaum noch Obst und Gem\u00fcse ein. Ich bekomme n\u00e4mlich reichlich aus Papas Garten: im Sommer viele Zucchini, Tomaten, Bohnen, August\u00e4pfel und M\u00f6hren. Da gab es viele Gem\u00fcsepfannen und &#8211; aufl\u00e4ufe. Nun gibt es Pfirsiche, K\u00fcrbisse, \u00c4pfel und Bauernpflaumen. Die Pfirsiche esse ich unverarbeitet, \u00c4pfel ebenso. Die zwei kleinen K\u00fcrbisse d\u00fcrfen noch ein wenig lagern und aus den Pflaumen habe ich Mus gekocht. Erster Gedanke: Pflaumenmus hat meine Mutti immer im Topf gekocht. Das hei\u00dft aber, dass man dabei stehen und immer wieder r\u00fchren muss &#8211; geht schlecht mit meinem verstauchten Fu\u00df<br \/>\n:-|<br \/>\nAlso Suchmaschine bem\u00fcht, Alternative gesucht und <a href=\"http:\/\/helgas-garten.de\/pflaumenmus-selbst-gemacht\/\" target=\"_blank\">gefunden<\/a>. So hat sich das Pflaumenmus fast allein gekocht. Ich brauchte die Pflaumen nur waschen, entkernen, schnibbeln und zuckern und zu gegebener Zeit in den Herd schieben. Da konnte ich viel im Sitzen erledigen und den Fu\u00df hochlegen.<br \/>\n:-)<\/p>\n<p style=\"text-align: center;\"><a href=\"http:\/\/blog4schools.de\/drachenburg\/wp-content\/uploads\/sites\/3\/2012\/09\/pflaumenmus.gif\"><img loading=\"lazy\" decoding=\"async\" class=\"alignnone size-full wp-image-3573\" src=\"http:\/\/blog4schools.de\/drachenburg\/wp-content\/uploads\/sites\/3\/2012\/09\/pflaumenmus.gif\" alt=\"\" width=\"800\" height=\"505\" \/><\/a><\/p>\n<p style=\"text-align: center;\">\n<p style=\"text-align: left;\">Und weil ich zur Zeit zu viel TV sehe, mach ich vielleicht bald Senf: <a href=\"http:\/\/www.rbb-online.de\/zibb\/service\/kulinarisches\/was_senf_alles_kann.html\" target=\"_blank\">zibb vom 11.09.2012<\/a> (nur wenige Tage abrufbar)<\/p>\n","protected":false},"excerpt":{"rendered":"<p>Seit Wochen kaufe ich kaum noch Obst und Gem\u00fcse ein. Ich bekomme n\u00e4mlich reichlich aus Papas Garten: im Sommer viele Zucchini, Tomaten, Bohnen, August\u00e4pfel und M\u00f6hren. Da gab es viele Gem\u00fcsepfannen und &#8211; aufl\u00e4ufe. Nun gibt es Pfirsiche, K\u00fcrbisse, \u00c4pfel und Bauernpflaumen. Die Pfirsiche esse ich unverarbeitet, \u00c4pfel ebenso. Die zwei kleinen K\u00fcrbisse d\u00fcrfen noch &hellip; <a href=\"http:\/\/blog4schools.de\/drachenburg\/2012\/09\/12\/ernte-aus-papas-garten\/\" class=\"more-link\"><span class=\"screen-reader-text\">Erntezeit<\/span> weiterlesen <span class=\"meta-nav\">&rarr;<\/span><\/a><\/p>\n","protected":false},"author":4,"featured_media":0,"comment_status":"open","ping_status":"open","sticky":false,"template":"","format":"standard","meta":{"footnotes":""},"categories":[3],"tags":[30,49],"_links":{"self":[{"href":"http:\/\/blog4schools.de\/drachenburg\/wp-json\/wp\/v2\/posts\/2595"}],"collection":[{"href":"http:\/\/blog4schools.de\/drachenburg\/wp-json\/wp\/v2\/posts"}],"about":[{"href":"http:\/\/blog4schools.de\/drachenburg\/wp-json\/wp\/v2\/types\/post"}],"author":[{"embeddable":true,"href":"http:\/\/blog4schools.de\/drachenburg\/wp-json\/wp\/v2\/users\/4"}],"replies":[{"embeddable":true,"href":"http:\/\/blog4schools.de\/drachenburg\/wp-json\/wp\/v2\/comments?post=2595"}],"version-history":[{"count":2,"href":"http:\/\/blog4schools.de\/drachenburg\/wp-json\/wp\/v2\/posts\/2595\/revisions"}],"predecessor-version":[{"id":3575,"href":"http:\/\/blog4schools.de\/drachenburg\/wp-json\/wp\/v2\/posts\/2595\/revisions\/3575"}],"wp:attachment":[{"href":"http:\/\/blog4schools.de\/drachenburg\/wp-json\/wp\/v2\/media?parent=2595"}],"wp:term":[{"taxonomy":"category","embeddable":true,"href":"http:\/\/blog4schools.de\/drachenburg\/wp-json\/wp\/v2\/categories?post=2595"},{"taxonomy":"post_tag","embeddable":true,"href":"http:\/\/blog4schools.de\/drachenburg\/wp-json\/wp\/v2\/tags?post=2595"}],"curies":[{"name":"wp","href":"https:\/\/api.w.org\/{rel}","templated":true}]}}