{"id":3164,"date":"2014-03-16T12:42:11","date_gmt":"2014-03-16T11:42:11","guid":{"rendered":"http:\/\/blog.4teachers.de\/drachenburg\/?p=3164"},"modified":"2017-03-10T21:50:21","modified_gmt":"2017-03-10T20:50:21","slug":"buchmesse-leipzig","status":"publish","type":"post","link":"http:\/\/blog4schools.de\/drachenburg\/2014\/03\/16\/buchmesse-leipzig\/","title":{"rendered":"Buchmesse Leipzig"},"content":{"rendered":"<p style=\"text-align: justify;\">Da ich in diesem Jahr nicht zur Didacta fahren kann, habe ich mir als kleinen Trost die Buchmesse in Leipzig ausgesucht. In Halle 2 pr\u00e4sentierte sich ein Teil der Schulbuchverlage. Dort habe ich mir unter anderem das <a href=\"http:\/\/www.cornelsen.de\/lehrkraefte\/reihe\/r-5640\/ra-6659\/titel\" target=\"_blank\">Mathematikbuch<\/a> angesehen, das vorgestern als <a href=\"http:\/\/www.schulbuch-des-jahres.de\/sbdj.html\" target=\"_blank\">Schulbuch des Jahres 2014<\/a> ausgezeichnet worden ist. Sehr interessant fand ich auch eine Mathekartei, die ich fast gekauft h\u00e4tte, von der ich jetzt erst im Nachhinein lese, dass sie im Bereich Zusatzmaterialien den Schulbuchpreis erhielt.<\/p>\n<p style=\"text-align: justify;\">Beim ausgezeichneten Mathebuch f\u00fcr Klasse 1 gefiel es mir nicht, dass es sich um zwei sogenannte Arbeitshefte in Buchst\u00e4rke handelt. Der Preis f\u00fcr diese Verbrauchsmaterialien \u00fcbersteigt den zu zahlenden Elternanteil in Brandenburg. Somit ist dieses Werk nur nutzbar, wenn alle Eltern mit dem h\u00f6heren Betrag einverstanden sind. &#8230; und dann haben wir uns noch keine Gedanken \u00fcber ein Deutscharbeitsheft gemacht. :-(<\/p>\n<p style=\"text-align: justify;\">Die B\u00fccher und zugeh\u00f6rigen Arbeitshefte f\u00fcr Klasse 2 bis 4 gefallen mir besser, weil das Buch als Leihexemplar von der Schule ausgegeben werden kann und somit nur ein normales Arbeitsheft vom Elternanteil bezahlt werden muss.<br \/>\nFalls ihr gerade mit eurem Mathelehrwerk unzufrieden seid, lohnt es sich &#8222;eins, zwei, drei&#8220; anzusehen. Wer ein Freund von Differenzierungsbl\u00f6cken ist, findet einen solchen als Zusatzmaterial. Wer lieber mit Karteikarten arbeitet, findet leider keine (nur als Lehrerhandreichung). Die \u00fcblichen Kopiervorlagen gibt es auch noch.<\/p>\n<p style=\"text-align: justify;\">Damit ich nicht den ganzen Tag durch die Hallen laufe, habe ich noch an der Vorstellung des neuen <a href=\"https:\/\/www.klett.de\/lehrwerk\/buecherwurm-2013\/produktuebersicht?lw_type=ekv&amp;clickpath[bundesland.id]=12\" target=\"_blank\">B\u00fccherwurm-Materials<\/a> teilgenommen. Obwohl ich nicht mit einer Fibel arbeite, informiere ich mich doch immer wieder mal, welchen &#8222;Stein des Weisen&#8220; die Verlage f\u00fcr den Lese- und Schreiblernprozess entwickeln. Mir scheint, dass die Tendenz jetzt fl\u00e4chendeckend dahingeht, das silbenbasierte Lesenlernen und die Arbeit mit einer Anlauttafel zu kombinieren. Das muss ich sinnvoll finden, schlie\u00dflich mach ich das auch so ;-)<br \/>\nDie Notwendigkeit eines Fibel-Buches erschlie\u00dft sich mir aber nicht mehr &#8211; auch nicht, wenn es mit einem tollen Pl\u00fcschb\u00fccherwurm oder einer Katzenhandpuppe oder mit anderem Getier daherkommt.<br \/>\nDas neue Schreibschriftheft zum B\u00fccherwurm erinnert mich \u00fcbrigens stark an <a href=\"http:\/\/www.jandorfverlag.de\/artikel\/schreiben\/produkt\/d\/schreibschriftlehrgang-sas.html\" target=\"_blank\">das Selbstlernheft vom Jandorf-Verlag<\/a>. Das zuletzt genannte Heft ist aber umfangreicher und enth\u00e4lt mehr \u00dcbungen in denen auch gelesen werden muss.<\/p>\n<p style=\"text-align: justify;\">Besonders angepriesen wurde das eigentliche Arbeitsheft zum B\u00fccherwurm, das es einmal in Druckschrift gibt und zus\u00e4tzlich als Version von-der Druckschrift-zur-Schreibschrift. Ich finde das problematisch, weil nicht jedes Kind nach einem halben Schuljahr in der Lage ist, hinreichend zu lesen und Druckschrift zu schreiben und so mit einer verbundenen Schrift \u00fcberfordert wird.<\/p>\n<p style=\"text-align: justify;\">Deshalb bevorzuge ich Materialien mit Minimalforderung f\u00fcr alle Kinder und gebe denen, die mehr k\u00f6nnen andere Materialien. Im vergangenen Schuljahr haben 3 Kinder innerhalb von 4 Wochen die Schreibschrift v\u00f6llig ohne vorgedrucktes Heft gelernt. Solche Kinder brauchen das &#8222;Mischheft&#8220; also nicht. Zus\u00e4tzlich habe ich drei Kinder, die nach 1 1\/2 Schuljahren kaum in der Lage sind, die Buchstaben zu verbinden. Diese Kinder h\u00e4tten mit dem von-der-Druckschrift-zur-Schreibschrift-Heft nach dem ersten Schulhalbjahr nicht mehr weiterarbeiten k\u00f6nnen.<\/p>\n<p style=\"text-align: justify;\">In der B\u00fccherwurm-Material\u00fcbersicht f\u00fcr Brandenburg fehlt dieses Heft, vermutlich weil es nicht zu unserem Rahmenlehrplan passt, der vorschreibt: <em>&#8222;Druckschrift und Schreibschrift werden nacheinander eingef\u00fchrt. &#8230; Die Schreibschrift wird erst eingef\u00fchrt, wenn die Sch\u00fclerinnen und Sch\u00fcler die meisten Buchstaben kennen, die Druckschrift sicher lesen k\u00f6nnen und ihre feinmotorischen Fertigkeiten entsprechend weit entwickelt sind.&#8220;<\/em><\/p>\n<p style=\"text-align: justify;\">Was mir sehr gefallen hat, ist die <a href=\"https:\/\/www.klett.de\/produkt\/isbn\/978-3-12-310704-7?lw_type=ekv&amp;clickpath[bundesland.id]=14\" target=\"_blank\">Arbeitsmappe<\/a> zum Lehrwerk. Darin sind viele Materialien f\u00fcr die Hand des Sch\u00fclers enthalten, die ich in \u00e4hnlicher Form in meinen Freiarbeitsmaterialien anbiete. Sch\u00f6n ist auch die W\u00f6rterkartei. Solche Materialien findet man beim <a href=\"http:\/\/www.zaubereinmaleins.de\/startseite\/home....\/\" target=\"_blank\">Zaubereinmaleins<\/a> und in anderen Materialblogs zum Download. F\u00fcr Fans von zusammenh\u00e4ngenden Lehrwerken ist diese Arbeitsmappe aber ein gro\u00dfartiges Material.<\/p>\n<p style=\"text-align: center;\"><a href=\"http:\/\/blog4schools.de\/drachenburg\/wp-content\/uploads\/sites\/3\/2014\/03\/bucherwurm_leipzig.jpg\"><img loading=\"lazy\" decoding=\"async\" class=\"alignnone size-full wp-image-3783\" src=\"http:\/\/blog4schools.de\/drachenburg\/wp-content\/uploads\/sites\/3\/2014\/03\/bucherwurm_leipzig.jpg\" alt=\"\" width=\"800\" height=\"474\" srcset=\"http:\/\/blog4schools.de\/drachenburg\/wp-content\/uploads\/sites\/3\/2014\/03\/bucherwurm_leipzig.jpg 800w, http:\/\/blog4schools.de\/drachenburg\/wp-content\/uploads\/sites\/3\/2014\/03\/bucherwurm_leipzig-300x178.jpg 300w, http:\/\/blog4schools.de\/drachenburg\/wp-content\/uploads\/sites\/3\/2014\/03\/bucherwurm_leipzig-768x455.jpg 768w\" sizes=\"(max-width: 800px) 100vw, 800px\" \/><\/a><\/p>\n<p style=\"text-align: center;\">\n<p style=\"text-align: justify;\">Viele Gr\u00fc\u00dfe an Ines, mit der ich nach der Veranstaltung ins Gespr\u00e4ch gekommen bin. :-)<\/p>\n<p style=\"text-align: justify;\">\n","protected":false},"excerpt":{"rendered":"<p>Da ich in diesem Jahr nicht zur Didacta fahren kann, habe ich mir als kleinen Trost die Buchmesse in Leipzig ausgesucht. In Halle 2 pr\u00e4sentierte sich ein Teil der Schulbuchverlage. Dort habe ich mir unter anderem das Mathematikbuch angesehen, das vorgestern als Schulbuch des Jahres 2014 ausgezeichnet worden ist. Sehr interessant fand ich auch eine &hellip; <a href=\"http:\/\/blog4schools.de\/drachenburg\/2014\/03\/16\/buchmesse-leipzig\/\" class=\"more-link\"><span class=\"screen-reader-text\">Buchmesse Leipzig<\/span> weiterlesen <span class=\"meta-nav\">&rarr;<\/span><\/a><\/p>\n","protected":false},"author":4,"featured_media":0,"comment_status":"open","ping_status":"open","sticky":false,"template":"","format":"standard","meta":{"footnotes":""},"categories":[1,11],"tags":[20,23,57,67,90],"_links":{"self":[{"href":"http:\/\/blog4schools.de\/drachenburg\/wp-json\/wp\/v2\/posts\/3164"}],"collection":[{"href":"http:\/\/blog4schools.de\/drachenburg\/wp-json\/wp\/v2\/posts"}],"about":[{"href":"http:\/\/blog4schools.de\/drachenburg\/wp-json\/wp\/v2\/types\/post"}],"author":[{"embeddable":true,"href":"http:\/\/blog4schools.de\/drachenburg\/wp-json\/wp\/v2\/users\/4"}],"replies":[{"embeddable":true,"href":"http:\/\/blog4schools.de\/drachenburg\/wp-json\/wp\/v2\/comments?post=3164"}],"version-history":[{"count":2,"href":"http:\/\/blog4schools.de\/drachenburg\/wp-json\/wp\/v2\/posts\/3164\/revisions"}],"predecessor-version":[{"id":3784,"href":"http:\/\/blog4schools.de\/drachenburg\/wp-json\/wp\/v2\/posts\/3164\/revisions\/3784"}],"wp:attachment":[{"href":"http:\/\/blog4schools.de\/drachenburg\/wp-json\/wp\/v2\/media?parent=3164"}],"wp:term":[{"taxonomy":"category","embeddable":true,"href":"http:\/\/blog4schools.de\/drachenburg\/wp-json\/wp\/v2\/categories?post=3164"},{"taxonomy":"post_tag","embeddable":true,"href":"http:\/\/blog4schools.de\/drachenburg\/wp-json\/wp\/v2\/tags?post=3164"}],"curies":[{"name":"wp","href":"https:\/\/api.w.org\/{rel}","templated":true}]}}