{"id":3183,"date":"2014-03-17T15:46:58","date_gmt":"2014-03-17T14:46:58","guid":{"rendered":"http:\/\/blog.4teachers.de\/drachenburg\/?p=3183"},"modified":"2017-03-10T21:49:44","modified_gmt":"2017-03-10T20:49:44","slug":"lesen-macht-schon","status":"publish","type":"post","link":"http:\/\/blog4schools.de\/drachenburg\/2014\/03\/17\/lesen-macht-schon\/","title":{"rendered":"Hinterher ist man immer schlauer!"},"content":{"rendered":"<p style=\"text-align: justify;\">Vor 2 Jahren w\u00fcnschte ich mir ein Jahresabo von <a href=\"http:\/\/www.dasmagazin.de\/\" target=\"_blank\">&#8222;Das Magazin&#8220;<\/a> und bekam es zu Weihnachten geschenkt. Nun bin ich seit \u00fcber 2 Jahren Abonnentin dieser Zeitschrift und genie\u00dfe monatlich jede Seite davon. Durch &#8222;Das Magazin&#8220; bin ich auf B\u00fccher und CDs aufmerksam geworden, die meiner Aufmerksamkeit ohne diese Zeitschrift sehr wahrscheinlich entgangen w\u00e4ren.<\/p>\n<p style=\"text-align: justify;\">Auf der Buchmesse in Leipzig wurde <a href=\"http:\/\/www.dasmagazin.de\/?cat=158\" target=\"_blank\">&#8222;Das Magazin&#8220;<\/a> an einem kleinen Stand pr\u00e4sentiert. Es wurden alte Hefte verkauft und neue Abonnenten geworben. Ich nutzte die Gelegenheit und habe ein Geschenkabo bestellt. Das aktuelle Heft und die Geschenk-Urkunde konnte ich gleich mitnehmen, um sie dem neuen Leser pers\u00f6nlich zum Geburtstag zu \u00fcberreichen.<\/p>\n<p style=\"text-align: justify;\">Am Stand war der Verleger anwesend. Er ist ein sehr offener und sympatischer Mensch, mit dem wir unbefangen ins Gespr\u00e4ch gekommen sind. Ich bin ja gespannt, ob es demn\u00e4chst eine Badewannenausgabe gibt.<br \/>\nEine Lesung von Kolumnist Stefan Schwarz konnten wir leider nicht besuchen. Beim n\u00e4chsten Mal planen wir das besser!<\/p>\n<p style=\"text-align: justify;\">Wer an einer unterhaltsamen Mischung aus Journalismus und Literatur interessiert ist, wer Prominentenportr\u00e4ts, Alltagssatiren, Reportagen, Erz\u00e4hlungen, Fotoessays und Illustrationen sch\u00e4tzt, sollte evtl. sich oder einen lieben Menschen mit einem <a href=\"http:\/\/www.dasmagazin.de\/?page_id=4805\" target=\"_blank\">Jahresabo<\/a> beschenken. (Auf der Website gibt es Leseproben.)<\/p>\n<p style=\"text-align: center;\"><a href=\"http:\/\/blog4schools.de\/drachenburg\/wp-content\/uploads\/sites\/3\/2014\/03\/magazin_2014.jpg\"><img loading=\"lazy\" decoding=\"async\" class=\"alignnone size-full wp-image-3780\" src=\"http:\/\/blog4schools.de\/drachenburg\/wp-content\/uploads\/sites\/3\/2014\/03\/magazin_2014.jpg\" alt=\"\" width=\"800\" height=\"301\" srcset=\"http:\/\/blog4schools.de\/drachenburg\/wp-content\/uploads\/sites\/3\/2014\/03\/magazin_2014.jpg 800w, http:\/\/blog4schools.de\/drachenburg\/wp-content\/uploads\/sites\/3\/2014\/03\/magazin_2014-300x113.jpg 300w, http:\/\/blog4schools.de\/drachenburg\/wp-content\/uploads\/sites\/3\/2014\/03\/magazin_2014-768x289.jpg 768w\" sizes=\"(max-width: 800px) 100vw, 800px\" \/><\/a><\/p>\n<p style=\"text-align: center;\">\n","protected":false},"excerpt":{"rendered":"<p>Vor 2 Jahren w\u00fcnschte ich mir ein Jahresabo von &#8222;Das Magazin&#8220; und bekam es zu Weihnachten geschenkt. Nun bin ich seit \u00fcber 2 Jahren Abonnentin dieser Zeitschrift und genie\u00dfe monatlich jede Seite davon. Durch &#8222;Das Magazin&#8220; bin ich auf B\u00fccher und CDs aufmerksam geworden, die meiner Aufmerksamkeit ohne diese Zeitschrift sehr wahrscheinlich entgangen w\u00e4ren. Auf &hellip; <a href=\"http:\/\/blog4schools.de\/drachenburg\/2014\/03\/17\/lesen-macht-schon\/\" class=\"more-link\"><span class=\"screen-reader-text\">Hinterher ist man immer schlauer!<\/span> weiterlesen <span class=\"meta-nav\">&rarr;<\/span><\/a><\/p>\n","protected":false},"author":4,"featured_media":0,"comment_status":"open","ping_status":"open","sticky":false,"template":"","format":"standard","meta":{"footnotes":""},"categories":[1,5,10],"tags":[22,63],"_links":{"self":[{"href":"http:\/\/blog4schools.de\/drachenburg\/wp-json\/wp\/v2\/posts\/3183"}],"collection":[{"href":"http:\/\/blog4schools.de\/drachenburg\/wp-json\/wp\/v2\/posts"}],"about":[{"href":"http:\/\/blog4schools.de\/drachenburg\/wp-json\/wp\/v2\/types\/post"}],"author":[{"embeddable":true,"href":"http:\/\/blog4schools.de\/drachenburg\/wp-json\/wp\/v2\/users\/4"}],"replies":[{"embeddable":true,"href":"http:\/\/blog4schools.de\/drachenburg\/wp-json\/wp\/v2\/comments?post=3183"}],"version-history":[{"count":2,"href":"http:\/\/blog4schools.de\/drachenburg\/wp-json\/wp\/v2\/posts\/3183\/revisions"}],"predecessor-version":[{"id":3781,"href":"http:\/\/blog4schools.de\/drachenburg\/wp-json\/wp\/v2\/posts\/3183\/revisions\/3781"}],"wp:attachment":[{"href":"http:\/\/blog4schools.de\/drachenburg\/wp-json\/wp\/v2\/media?parent=3183"}],"wp:term":[{"taxonomy":"category","embeddable":true,"href":"http:\/\/blog4schools.de\/drachenburg\/wp-json\/wp\/v2\/categories?post=3183"},{"taxonomy":"post_tag","embeddable":true,"href":"http:\/\/blog4schools.de\/drachenburg\/wp-json\/wp\/v2\/tags?post=3183"}],"curies":[{"name":"wp","href":"https:\/\/api.w.org\/{rel}","templated":true}]}}