{"id":3361,"date":"2016-11-20T14:16:53","date_gmt":"2016-11-20T13:16:53","guid":{"rendered":"http:\/\/blog4schools.de\/drachenburg\/?p=3361"},"modified":"2016-11-21T17:11:01","modified_gmt":"2016-11-21T16:11:01","slug":"anlautkiste","status":"publish","type":"post","link":"http:\/\/blog4schools.de\/drachenburg\/2016\/11\/20\/anlautkiste\/","title":{"rendered":"Anlautkiste"},"content":{"rendered":"<p style=\"text-align: justify;\">In meinem sogenannten Arbeitszimmer, das eigentlich eher ein Arbeitsmaterialien-Aufbewahrungszimmer ist, gibt es viele <strong><span style=\"color: #000080;\">UVO<\/span><\/strong>s. Eines dieser lange geplanten aber bisher\u00a0<strong><span style=\"color: #000080;\">u<\/span><\/strong>n<span style=\"color: #000080;\"><strong>v<\/strong><\/span>ollendeten <strong><span style=\"color: #000080;\">O<\/span><\/strong>bjekte ist eine Anlautkiste. Ein kurzes Graben in verschiedenen K\u00e4sten und Sch\u00fcben brachte zu fast jedem Buchstaben eine kleine Figur hervor. Au\u00dferdem fand ich selbstklebende Buchstaben aus glitzerndem Moosgummi, die ich gleich in die F\u00e4cher einer Sortierbox klebte.<br \/>\nNun fehlt mir nur noch eine kleine Sonne. (Liebe Familie lest ihr das? Hat einer von euch Streudeko mit Sonnen?) F\u00fcr Qu, X und Y werde ich kleine Bildkarten anfertigen, da es ziemlich schwierig sein wird, passende Miniaturen daf\u00fcr aufzutreiben.<\/p>\n<p style=\"text-align: justify;\"><a href=\"http:\/\/blog4schools.de\/drachenburg\/wp-content\/uploads\/sites\/3\/2016\/11\/anlautkiste.jpg\"><img loading=\"lazy\" decoding=\"async\" class=\"alignnone size-full wp-image-3365\" src=\"http:\/\/blog4schools.de\/drachenburg\/wp-content\/uploads\/sites\/3\/2016\/11\/anlautkiste.jpg\" alt=\"anlautkiste\" width=\"800\" height=\"629\" srcset=\"http:\/\/blog4schools.de\/drachenburg\/wp-content\/uploads\/sites\/3\/2016\/11\/anlautkiste.jpg 800w, http:\/\/blog4schools.de\/drachenburg\/wp-content\/uploads\/sites\/3\/2016\/11\/anlautkiste-300x236.jpg 300w, http:\/\/blog4schools.de\/drachenburg\/wp-content\/uploads\/sites\/3\/2016\/11\/anlautkiste-768x604.jpg 768w\" sizes=\"(max-width: 800px) 100vw, 800px\" \/><\/a><\/p>\n<p style=\"text-align: justify;\">Wie setzt ihr solche Kiste ein? Figuren aus den F\u00e4chern nehmen und wieder einsortieren, ist klar. Ich denke, dass ich zus\u00e4tzlich Wortk\u00e4rtchen anbiete, die den herausgenommenen Figuren zugeordnet werden k\u00f6nnen. Was geht noch?<\/p>\n<p style=\"text-align: justify;\">\u00a0Update:<\/p>\n<p style=\"text-align: justify;\">Vielen Dank an Katharina f\u00fcr die Ideen.<\/p>\n<p style=\"text-align: justify;\">Vielen Dank auch an alle, die Vorschl\u00e4ge f\u00fcr die fehlenden Miniaturen gemacht haben.<\/p>\n<p style=\"text-align: justify;\">Das S hat jetzt eine Seerobbe; das Qu ein Quadrat &#8211; ich habe aber auch supers\u00fc\u00dfe geh\u00e4kelte Miniquallen im Internet gefunden &#8230; und auch welche aus Kunststoff (5 St\u00fcck f\u00fcr ca. 6\u20ac inklusive Versand).<\/p>\n<p style=\"text-align: justify;\">F\u00fcrs X klebe ich in den n\u00e4chsten Tagen aus H\u00f6lzchen ein Xylophon und evtl. finde ich jemanden, der mit der S\u00e4ge gut umgehen kann und mir ein Yak aus Holz ausschneidet.<\/p>\n","protected":false},"excerpt":{"rendered":"<p>In meinem sogenannten Arbeitszimmer, das eigentlich eher ein Arbeitsmaterialien-Aufbewahrungszimmer ist, gibt es viele UVOs. Eines dieser lange geplanten aber bisher\u00a0unvollendeten Objekte ist eine Anlautkiste. Ein kurzes Graben in verschiedenen K\u00e4sten und Sch\u00fcben brachte zu fast jedem Buchstaben eine kleine Figur hervor. Au\u00dferdem fand ich selbstklebende Buchstaben aus glitzerndem Moosgummi, die ich gleich in die F\u00e4cher &hellip; <a href=\"http:\/\/blog4schools.de\/drachenburg\/2016\/11\/20\/anlautkiste\/\" class=\"more-link\"><span class=\"screen-reader-text\">Anlautkiste<\/span> weiterlesen <span class=\"meta-nav\">&rarr;<\/span><\/a><\/p>\n","protected":false},"author":3,"featured_media":0,"comment_status":"open","ping_status":"open","sticky":false,"template":"","format":"standard","meta":{"footnotes":""},"categories":[9,11],"tags":[23,66,70],"_links":{"self":[{"href":"http:\/\/blog4schools.de\/drachenburg\/wp-json\/wp\/v2\/posts\/3361"}],"collection":[{"href":"http:\/\/blog4schools.de\/drachenburg\/wp-json\/wp\/v2\/posts"}],"about":[{"href":"http:\/\/blog4schools.de\/drachenburg\/wp-json\/wp\/v2\/types\/post"}],"author":[{"embeddable":true,"href":"http:\/\/blog4schools.de\/drachenburg\/wp-json\/wp\/v2\/users\/3"}],"replies":[{"embeddable":true,"href":"http:\/\/blog4schools.de\/drachenburg\/wp-json\/wp\/v2\/comments?post=3361"}],"version-history":[{"count":6,"href":"http:\/\/blog4schools.de\/drachenburg\/wp-json\/wp\/v2\/posts\/3361\/revisions"}],"predecessor-version":[{"id":3368,"href":"http:\/\/blog4schools.de\/drachenburg\/wp-json\/wp\/v2\/posts\/3361\/revisions\/3368"}],"wp:attachment":[{"href":"http:\/\/blog4schools.de\/drachenburg\/wp-json\/wp\/v2\/media?parent=3361"}],"wp:term":[{"taxonomy":"category","embeddable":true,"href":"http:\/\/blog4schools.de\/drachenburg\/wp-json\/wp\/v2\/categories?post=3361"},{"taxonomy":"post_tag","embeddable":true,"href":"http:\/\/blog4schools.de\/drachenburg\/wp-json\/wp\/v2\/tags?post=3361"}],"curies":[{"name":"wp","href":"https:\/\/api.w.org\/{rel}","templated":true}]}}