{"id":4119,"date":"2018-04-12T17:15:47","date_gmt":"2018-04-12T15:15:47","guid":{"rendered":"http:\/\/blog4schools.de\/drachenburg\/?p=4119"},"modified":"2018-04-12T17:15:47","modified_gmt":"2018-04-12T15:15:47","slug":"buecher-fuer-den-kunstunterricht","status":"publish","type":"post","link":"http:\/\/blog4schools.de\/drachenburg\/2018\/04\/12\/buecher-fuer-den-kunstunterricht\/","title":{"rendered":"B\u00fccher f\u00fcr den Kunstunterricht"},"content":{"rendered":"<p style=\"text-align: justify;\">Am Wochenende durfte ich mich \u00fcber ein Paket voller B\u00fccher freuen, unter anderem waren 6 Kunstb\u00fccher dabei. Diese Freude m\u00f6chte ich gerne mit euch teilen und euch die B\u00fccher vorstellen.\u00a0 Im Kommentarbereich k\u00f6nnt ihr mir dann gerne <strong>eure<\/strong> Lieblingskunstb\u00fccher vorstellen.<\/p>\n<p style=\"text-align: justify;\"><strong>Kunst mit uns &#8211; 1\/2<\/strong> (Lehrbuch) C C Buchner Verlag<\/p>\n<p style=\"text-align: justify;\">Das sehr neue Buch zeigt, dass die Autoren sich mit modernem Kunstunterricht auseinandergesetzt haben. Es gibt zu verschiedenen K\u00fcnstlern, Kunstwerken, Farben, Techniken gelungene Seiten mit Impulsen zur kreativen Arbeit, zum Experimentieren, zum Betrachten und Reflektieren. Der C C Buchner Verlag bietet <a href=\"https:\/\/www.ccbuchner.de\/_files_media\/livebook\/3313\/\">Einblicke ins Buch<\/a>.<br \/>\nIch habe jedoch keine Lust, mit diesem Buch in den Kunstunterricht der 1. und 2. Klasse zu gehen. Um die Impuls-Seiten gemeinsam mit einer Gruppe oder Klasse anzusehen, ist das Format, meiner Meinung nach, zu klein.\u00a0 Auf jeden Tisch mag ich solch ein Buch auch nicht legen. (Das ist rein pers\u00f6nliches Empfinden.) Es gibt dann zu viele Kinder, die gedanklich nicht dort sind, wo ich sie gern h\u00e4tte. Am liebsten w\u00e4re mir, wenn der Verlag Poster zum Buch\u00a0 herausbr\u00e4chte, sodass man sich das besser gemeinsam anschauen kann, denn es gibt wirklich spannende Bilder und Arbeitsimpulse in diesem Buch.<\/p>\n<p><a href=\"http:\/\/blog4schools.de\/drachenburg\/wp-content\/uploads\/sites\/3\/2018\/04\/Kunst-mit-uns.jpg\"><img loading=\"lazy\" decoding=\"async\" class=\"size-medium wp-image-4153 aligncenter\" src=\"http:\/\/blog4schools.de\/drachenburg\/wp-content\/uploads\/sites\/3\/2018\/04\/Kunst-mit-uns-300x225.jpg\" alt=\"\" width=\"300\" height=\"225\" srcset=\"http:\/\/blog4schools.de\/drachenburg\/wp-content\/uploads\/sites\/3\/2018\/04\/Kunst-mit-uns-300x225.jpg 300w, http:\/\/blog4schools.de\/drachenburg\/wp-content\/uploads\/sites\/3\/2018\/04\/Kunst-mit-uns.jpg 700w\" sizes=\"(max-width: 300px) 100vw, 300px\" \/><\/a><\/p>\n<p style=\"text-align: justify;\"><strong>13 Bilder die du kennen solltest\u00a0<\/strong>von Prestel Junior<\/p>\n<p style=\"text-align: justify;\">Die 13 Bilder aus dem 16. bis 20. Jahrhundert sind chronologisch geordnet. F\u00fcr jedes Bild ist mindestens eine Doppelseite vorgesehen, auf der verschiedene Informationen zum Bild, zum K\u00fcnstler oder zur Zeit gegeben werden. Es gibt Detailfotos und Abbildungen erg\u00e4nzender Werke des K\u00fcnstlers. Auf vielen Buchseiten l\u00e4uft ein Zeitstrahl mit, der einzelne historische Daten liefert, die das Jahrhundert der Entstehung des Bildes, ein klein wenig beleuchten. In einigen Ecken der Seiten gibt es noch Tipps zum Lesen anderer B\u00fccher oder Websites und zum Besuch von Orten, die mit den Bildern im Zusammenhang stehen. Vereinzelt gibt es Anregungen zum selbst Malen oder eine kleine Quizfrage.<br \/>\nAm Ende des Buches gibt es ein Glossar.<\/p>\n<p><a href=\"http:\/\/blog4schools.de\/drachenburg\/wp-content\/uploads\/sites\/3\/2018\/04\/bilder.jpg\"><img loading=\"lazy\" decoding=\"async\" class=\"size-medium wp-image-4154 alignnone\" src=\"http:\/\/blog4schools.de\/drachenburg\/wp-content\/uploads\/sites\/3\/2018\/04\/bilder-258x300.jpg\" alt=\"\" width=\"258\" height=\"300\" srcset=\"http:\/\/blog4schools.de\/drachenburg\/wp-content\/uploads\/sites\/3\/2018\/04\/bilder-258x300.jpg 258w, http:\/\/blog4schools.de\/drachenburg\/wp-content\/uploads\/sites\/3\/2018\/04\/bilder.jpg 700w\" sizes=\"(max-width: 258px) 100vw, 258px\" \/>\u00a0<\/a><a href=\"http:\/\/blog4schools.de\/drachenburg\/wp-content\/uploads\/sites\/3\/2018\/04\/bilder_2.jpg\"><img loading=\"lazy\" decoding=\"async\" class=\"alignnone size-medium wp-image-4155\" src=\"http:\/\/blog4schools.de\/drachenburg\/wp-content\/uploads\/sites\/3\/2018\/04\/bilder_2-300x184.jpg\" alt=\"\" width=\"300\" height=\"184\" srcset=\"http:\/\/blog4schools.de\/drachenburg\/wp-content\/uploads\/sites\/3\/2018\/04\/bilder_2-300x184.jpg 300w, http:\/\/blog4schools.de\/drachenburg\/wp-content\/uploads\/sites\/3\/2018\/04\/bilder_2.jpg 700w\" sizes=\"(max-width: 300px) 100vw, 300px\" \/><\/a><\/p>\n<p style=\"text-align: justify;\"><strong>13 Kunststile, die du kennen solltest<\/strong> von Prestel Junior<\/p>\n<p style=\"text-align: justify;\">Dieses Buch ist \u00e4hnlich aufgebaut, wie das obige. Allerdings werden darin Kunststile vorgestellt und in ausgew\u00e4hlten Details beleuchtet.<\/p>\n<p style=\"text-align: justify;\">Aus der Reihe gibt es weitere spannende B\u00fccher. Zu dreien davon k\u00f6nnt ihr <strong><a href=\"https:\/\/lesepunkte.de\/rezension\/kunst-sachbuecher\/\" target=\"_blank\" rel=\"noopener\">dort<\/a><\/strong> ausf\u00fchrliche Rezensionen lesen.<\/p>\n<p><a href=\"http:\/\/blog4schools.de\/drachenburg\/wp-content\/uploads\/sites\/3\/2018\/04\/kunststile.jpg\"><img loading=\"lazy\" decoding=\"async\" class=\"alignnone size-medium wp-image-4156\" src=\"http:\/\/blog4schools.de\/drachenburg\/wp-content\/uploads\/sites\/3\/2018\/04\/kunststile-263x300.jpg\" alt=\"\" width=\"263\" height=\"300\" srcset=\"http:\/\/blog4schools.de\/drachenburg\/wp-content\/uploads\/sites\/3\/2018\/04\/kunststile-263x300.jpg 263w, http:\/\/blog4schools.de\/drachenburg\/wp-content\/uploads\/sites\/3\/2018\/04\/kunststile.jpg 700w\" sizes=\"(max-width: 263px) 100vw, 263px\" \/><\/a>\u00a0<a href=\"http:\/\/blog4schools.de\/drachenburg\/wp-content\/uploads\/sites\/3\/2018\/04\/kunststile_2.jpg\"><img loading=\"lazy\" decoding=\"async\" class=\"alignnone size-medium wp-image-4157\" src=\"http:\/\/blog4schools.de\/drachenburg\/wp-content\/uploads\/sites\/3\/2018\/04\/kunststile_2-300x175.jpg\" alt=\"\" width=\"300\" height=\"175\" srcset=\"http:\/\/blog4schools.de\/drachenburg\/wp-content\/uploads\/sites\/3\/2018\/04\/kunststile_2-300x175.jpg 300w, http:\/\/blog4schools.de\/drachenburg\/wp-content\/uploads\/sites\/3\/2018\/04\/kunststile_2.jpg 700w\" sizes=\"(max-width: 300px) 100vw, 300px\" \/><\/a><\/p>\n<p style=\"text-align: justify;\"><strong>Die Kunst aufzur\u00e4umen<\/strong> von Ursus Wehrli<\/p>\n<p>Nachdem ich schon beide Vorg\u00e4ngerb\u00fccher besitze, habe ich lange \u00fcberlegt, ob ich das 3. Buch nun auch noch brauche. Nachdem ich es habe, kann ich die N\u00fctzlichkeit dieses Buches f\u00fcr mich best\u00e4tigen.<br \/>\n1. Es hat mir viel Freude gemacht, die Dokumentationen von Ursus Wehrlis Aufr\u00e4um-Aktionen zu betrachten.<br \/>\n2. Ich denke, dass die Kinder bei \u00e4hnlichen, selbst gew\u00e4hlten Aktionen viel Spa\u00df haben werden.<br \/>\nIch wei\u00df nur noch nicht, wann das sein wird. Sooo viele Kunststunden haben die Kinder ja nicht.<\/p>\n<p><a href=\"http:\/\/blog4schools.de\/drachenburg\/wp-content\/uploads\/sites\/3\/2018\/04\/wehrli.jpg\"><img loading=\"lazy\" decoding=\"async\" class=\"wp-image-4159 aligncenter\" src=\"http:\/\/blog4schools.de\/drachenburg\/wp-content\/uploads\/sites\/3\/2018\/04\/wehrli-300x129.jpg\" alt=\"\" width=\"500\" height=\"215\" srcset=\"http:\/\/blog4schools.de\/drachenburg\/wp-content\/uploads\/sites\/3\/2018\/04\/wehrli-300x129.jpg 300w, http:\/\/blog4schools.de\/drachenburg\/wp-content\/uploads\/sites\/3\/2018\/04\/wehrli.jpg 700w\" sizes=\"(max-width: 500px) 100vw, 500px\" \/><\/a><\/p>\n<p style=\"text-align: justify;\"><strong>Victor Vasarely<\/strong><\/p>\n<p style=\"text-align: justify;\">Das Buch ist nichts besonderes, aber ich mag den K\u00fcnstler und die Op Art und nutze die Werke als Inspiration f\u00fcr eigene Arbeiten der Kinder. Bisher haben sich alle Klassen sehr kreativ mit Farben und Formen auseinandergesetzt, nachdem wir uns Werke von Vasarely und anderen Op Art K\u00fcnstlern angesehen hatten.<\/p>\n<p><a href=\"http:\/\/blog4schools.de\/drachenburg\/wp-content\/uploads\/sites\/3\/2018\/04\/vasarely.jpg\"><img loading=\"lazy\" decoding=\"async\" class=\"alignnone size-medium wp-image-4162\" src=\"http:\/\/blog4schools.de\/drachenburg\/wp-content\/uploads\/sites\/3\/2018\/04\/vasarely-235x300.jpg\" alt=\"\" width=\"235\" height=\"300\" srcset=\"http:\/\/blog4schools.de\/drachenburg\/wp-content\/uploads\/sites\/3\/2018\/04\/vasarely-235x300.jpg 235w, http:\/\/blog4schools.de\/drachenburg\/wp-content\/uploads\/sites\/3\/2018\/04\/vasarely.jpg 548w\" sizes=\"(max-width: 235px) 100vw, 235px\" \/><\/a>\u00a0<a href=\"http:\/\/blog4schools.de\/drachenburg\/wp-content\/uploads\/sites\/3\/2018\/04\/vasarely_2.jpg\"><img loading=\"lazy\" decoding=\"async\" class=\"alignnone size-medium wp-image-4163\" src=\"http:\/\/blog4schools.de\/drachenburg\/wp-content\/uploads\/sites\/3\/2018\/04\/vasarely_2-300x207.jpg\" alt=\"\" width=\"300\" height=\"207\" srcset=\"http:\/\/blog4schools.de\/drachenburg\/wp-content\/uploads\/sites\/3\/2018\/04\/vasarely_2-300x207.jpg 300w, http:\/\/blog4schools.de\/drachenburg\/wp-content\/uploads\/sites\/3\/2018\/04\/vasarely_2.jpg 700w\" sizes=\"(max-width: 300px) 100vw, 300px\" \/><\/a><\/p>\n<p style=\"text-align: justify;\"><strong>Leonardo da Vinci<\/strong><\/p>\n<p style=\"text-align: justify;\">Ich besitze schon 2 B\u00fccher aus der Reihe &#8222;Eichborns Kunst f\u00fcr Kinder&#8220;. Dieser Neuzugang zog mich nach dem Auspacken des Paketes gleich in seinen Bann. Alles, was der Autor \u00fcber da Vinci, seine Zeit und seine Werke erz\u00e4hlen\u00a0 m\u00f6chte, teilt er in Form eines fiktiven Briefwechsel zwischen dem M\u00e4dchen Rosa und seinem Onkel Leopold mit. Dieser Briefwechsel ist, obwohl er ja dazu dient dem jungen Leser Informationen zu vermitteln, teilweise regelrecht poetisch. Diese Zuneigung, die aus den Briefen spricht, hat mich sehr ber\u00fchrt. Und das, was, Onkel Leo \u00fcber da Vinci berichtet, ist gut ausgew\u00e4hlt und interessant.<\/p>\n<p><a href=\"http:\/\/blog4schools.de\/drachenburg\/wp-content\/uploads\/sites\/3\/2018\/04\/leonardo.jpg\"><img loading=\"lazy\" decoding=\"async\" class=\"alignnone size-medium wp-image-4160\" src=\"http:\/\/blog4schools.de\/drachenburg\/wp-content\/uploads\/sites\/3\/2018\/04\/leonardo-217x300.jpg\" alt=\"\" width=\"217\" height=\"300\" srcset=\"http:\/\/blog4schools.de\/drachenburg\/wp-content\/uploads\/sites\/3\/2018\/04\/leonardo-217x300.jpg 217w, http:\/\/blog4schools.de\/drachenburg\/wp-content\/uploads\/sites\/3\/2018\/04\/leonardo.jpg 506w\" sizes=\"(max-width: 217px) 100vw, 217px\" \/><\/a>\u00a0<a href=\"http:\/\/blog4schools.de\/drachenburg\/wp-content\/uploads\/sites\/3\/2018\/04\/leonardo_2.jpg\"><img loading=\"lazy\" decoding=\"async\" class=\"alignnone size-medium wp-image-4161\" src=\"http:\/\/blog4schools.de\/drachenburg\/wp-content\/uploads\/sites\/3\/2018\/04\/leonardo_2-300x222.jpg\" alt=\"\" width=\"300\" height=\"222\" srcset=\"http:\/\/blog4schools.de\/drachenburg\/wp-content\/uploads\/sites\/3\/2018\/04\/leonardo_2-300x222.jpg 300w, http:\/\/blog4schools.de\/drachenburg\/wp-content\/uploads\/sites\/3\/2018\/04\/leonardo_2.jpg 700w\" sizes=\"(max-width: 300px) 100vw, 300px\" \/><\/a><\/p>\n<p>Achtung:<\/p>\n<p style=\"text-align: justify;\">Eichborns Kunst f\u00fcr Kinder gibt es nur noch antiquarisch. Das gilt auch f\u00fcr das Buch \u00fcber Vasarely &#8211; aber da findet man sicherlich auch ein anderes geeignetes Buch. Bei der Reihe &#8222;13 K\u00fcnstler\/Bilder\/Architekten\/&#8230; die du kennen solltest&#8220; bin ich nicht sicher, ob sie alle aktuell im Handel erh\u00e4ltlich oder auch nur noch aus zweiter Hand zu erwerben sind.<\/p>\n","protected":false},"excerpt":{"rendered":"<p>Am Wochenende durfte ich mich \u00fcber ein Paket voller B\u00fccher freuen, unter anderem waren 6 Kunstb\u00fccher dabei. Diese Freude m\u00f6chte ich gerne mit euch teilen und euch die B\u00fccher vorstellen.\u00a0 Im Kommentarbereich k\u00f6nnt ihr mir dann gerne eure Lieblingskunstb\u00fccher vorstellen. Kunst mit uns &#8211; 1\/2 (Lehrbuch) C C Buchner Verlag Das sehr neue Buch zeigt, &hellip; <a href=\"http:\/\/blog4schools.de\/drachenburg\/2018\/04\/12\/buecher-fuer-den-kunstunterricht\/\" class=\"more-link\"><span class=\"screen-reader-text\">B\u00fccher f\u00fcr den Kunstunterricht<\/span> weiterlesen <span class=\"meta-nav\">&rarr;<\/span><\/a><\/p>\n","protected":false},"author":3,"featured_media":0,"comment_status":"open","ping_status":"open","sticky":false,"template":"","format":"standard","meta":{"footnotes":""},"categories":[5,7,11],"tags":[20,53,63,64,101],"_links":{"self":[{"href":"http:\/\/blog4schools.de\/drachenburg\/wp-json\/wp\/v2\/posts\/4119"}],"collection":[{"href":"http:\/\/blog4schools.de\/drachenburg\/wp-json\/wp\/v2\/posts"}],"about":[{"href":"http:\/\/blog4schools.de\/drachenburg\/wp-json\/wp\/v2\/types\/post"}],"author":[{"embeddable":true,"href":"http:\/\/blog4schools.de\/drachenburg\/wp-json\/wp\/v2\/users\/3"}],"replies":[{"embeddable":true,"href":"http:\/\/blog4schools.de\/drachenburg\/wp-json\/wp\/v2\/comments?post=4119"}],"version-history":[{"count":27,"href":"http:\/\/blog4schools.de\/drachenburg\/wp-json\/wp\/v2\/posts\/4119\/revisions"}],"predecessor-version":[{"id":4169,"href":"http:\/\/blog4schools.de\/drachenburg\/wp-json\/wp\/v2\/posts\/4119\/revisions\/4169"}],"wp:attachment":[{"href":"http:\/\/blog4schools.de\/drachenburg\/wp-json\/wp\/v2\/media?parent=4119"}],"wp:term":[{"taxonomy":"category","embeddable":true,"href":"http:\/\/blog4schools.de\/drachenburg\/wp-json\/wp\/v2\/categories?post=4119"},{"taxonomy":"post_tag","embeddable":true,"href":"http:\/\/blog4schools.de\/drachenburg\/wp-json\/wp\/v2\/tags?post=4119"}],"curies":[{"name":"wp","href":"https:\/\/api.w.org\/{rel}","templated":true}]}}