{"id":516,"date":"2013-01-23T22:46:58","date_gmt":"2013-01-23T21:46:58","guid":{"rendered":"http:\/\/blog.4teachers.de\/egondirks\/?p=516"},"modified":"2013-01-23T22:46:58","modified_gmt":"2013-01-23T21:46:58","slug":"motor-europas","status":"publish","type":"post","link":"http:\/\/blog4schools.de\/elektroenergetik\/2013\/01\/23\/motor-europas\/","title":{"rendered":"&#8222;Motor Europas&#8220;&#8230;"},"content":{"rendered":"<p>In der Politik verstehe ich nicht viel. Wenn ich aber welche zwanzig Jahren zur\u00fcckblicke, sehe ich klar den Unterschied bei der Bewertung der Bedeutung Deutschlands in Europa und f\u00fcr Europa und Rest der Welt. Aus der Sicht der Ost-Europ\u00e4er war und ist Deutschland <strong><em>immer noch<\/em><\/strong> der <strong>&#8222;Motor Europas&#8220;!<\/strong> Und das nicht wegen langj\u00e4hrigen leichtsinnigen Euro-Rettung Bla-bla und Geld drucken, sondern Deutschland wird als f\u00fchrende wirtschaftliche Super-Macht Europas gesehen. Und Basis dieser Wirtschaft-Macht ist die DEUTSCHE INDUSTRIE! Und, wie ich das verstehe, das sollte doch jedem Polit-Depp klar sein, dass Deutschland Motor Europas nur solange ist, bis dieser wirtschaftliche Vorsprung vorhanden ist! Der Amerikaner, der Buchautor da vor kurzem: -\u201eWer mehr zahlt, der hat das Sagen!\u201c. Ja, das Sagen kommt wegen Geld, das Geld ABER vor allem dank der Industrie! So war es fr\u00fcher! Die St\u00e4rke eines Staates waren Industrie, Wirtschaft, Handel, Rohstoffreserven usw., heute ist ein gef\u00e4hrlicher Begleiter dazu gekommen: Spekulationen und Raub auf allen Wirtschafts-Ebenen und in allen Geld-Ma\u00dfst\u00e4ben\u2026 Wie der E-on-Chef in einem Interview das findet<em>, <strong>\u201eoperiert (spekuliert!) wird mit dem Elektrostrom (Leipziger B\u00f6rse), den es nicht mal gibt!\u201c.<\/strong><\/em> Banken, Benzin, Nahrungsmittel, <strong><em>HUK-COBURG Raub-Versicherungen, <\/em><\/strong>sagen sie s mal fr\u00fcher, dass man jedes Jahr dem Kunde Plus 40 Euro in die Rechnung stellen kann, wegen <em>-\u201eweil die Zahl der Autounf\u00e4llen gestiegen ist\u201c,<\/em> wer h\u00e4tte das geglaubt, jetzt aber zittert man, ob ab n\u00e4chstes Jahr bei <strong><em>den aus Tradition g\u00fcnstigen HUK-R\u00e4ubern<\/em><\/strong> das nicht 100 Euro oder mehr werden! Und der Staat? Der profitiert ja davon und ist praktisch der Z\u00fcchter dieser Massen-Raub-Kompanie! Ich verstehe nicht viel in der Politik, versuche aber ein Artikel dar\u00fcber schreiben, wie man rund um die Erde fliegt und schaut, wo die persische Teppiche schlecht liegen\u2026 Das alles zusammen hat dazu gef\u00fchrt, dass bei der Industrie in den letzten Jahren riesige Risse sichtbar geworden sind und das wird dramatische Folgen haben! Verspielen wir unsere wirtschaftliche Dominanz, da brauchen die Europ\u00e4er uns, wie ein Kranich den Kompass!<\/p>\n<p>Ich habe mehrmals geschrieben, dass das, was zwischen Regierung und Medien, von einer Seite und Energetik und Industrie von der anderen bei uns sich abspielt, das ist nicht normal! Wie, z.B., konnte man zulassen, dass jahrzehntelang die B\u00fcrger von den EE-Medien-Mafia so <strong><em>\u201ebearbeitet\u201c<\/em><\/strong> wurden, dass die deutschen Stromkonzerne bis heutzutage bei der Bev\u00f6lkerung nur noch als R\u00e4uber und Volksbetr\u00fcger bekannt sind und nur so auch wahrgenommen werden?! Wie kann das sein, dass die Milliardenverluste bei Stromkonzernen und der Industrie in der Presse mit voller Hose Freude gefeiert werden?! Ich will nicht in die Details der Absage von der Nutzung der Kernenergie reinkrabbeln, ob unser Volk selbst zu dieser Entscheidung gekommen ist oder \u201edemokratisch\u201c durch Pressel\u00fcgereien so weit gebracht wurde?, sage nur, dahinter steckt nicht wissenschaftliche und wirtschaftliche \u00dcberzeugung, sondern politische Abenteuer mit rein wahltaktischen Zielen bei einen und ein absichtlicher Akt einer Destabilisierung der deutschen Industrie, die wie ein Knochen im Rachen steckt, bei den anderen. Ich sage ehrlich, ich betrachte alles bei uns drinnen von drau\u00dfen an und m\u00f6glichst gem\u00e4\u00df internationalen Vorstellungen und Standards auf all diese Dinge. Ob diese Absage klug war oder dumm, das sollen Wissenschaftler entscheiden, interessant aber ist, da schreibt mir eine Frau: -\u201eAuf der Erde gibt es keinen sicheren Atomm\u00fcllendlager!\u201c. Ich stelle mir sofort eine Amerikanerin, Chinesin, Russin, Franz\u00f6sin und-und vor, die von diesem Sch\u2026 nie was geh\u00f6rt haben und vergleiche sie mit den Sorgen unsern Frauen um die Zukunft der Erde wegen Endlager und Atomm\u00fcll, ja, ich bin stolz auf unsere Frauen, sie k\u00f6nnen und wissen praktisch alles und besser als die M\u00e4nner und das k\u00f6nnen nur unsere gehirnlose M\u00e4nner sein, die ihnen diesen Endlager-Bl\u00f6dsinn ins Gehirn reingelagert haben\u2026 Und das, wenn von einer tuberkul\u00f6sen Bande, die mit diesem Atom-Psychos zum Regierungskuchen zu fressen sich durchgeboxt hat, schon ganz schweigen\u2026<\/p>\n<p>\u201eMotor Europas!\u201c. Wenn ich mir manche Sachen \u00fcberlege, kriege ich die G\u00e4nsehaut, mir wird\u2019s innen kalt! Angefangen hat das mit dem K\u00f6lner Archiv, der unter die Erde auf einmal \u201egefahren\u201c ist, weil das Armatur-Eisen auseinandergestohlen wurde\u2026 Dann komm \u201eAlpha Ventus\u201c (Aug. 2009)! Bei der Inbetriebnahme von 12. WKA je 5 MW bei sechs Turbinen hat es nicht geklappt, wegen \u201efalsches Material wurde verwendet!\u201c und das war in beiden F\u00e4llen so dargestellt, ob beim reinhauen sich der Nagel verkr\u00fcmmt hat, man schmei\u00dfe ihn weg und haut einen anderen rein&#8230; Stuttgart 21, BER-Flughafen, die Plagiat-Doktoren-Welle, Schavan-Wintermantel und die \u201eBildungsrepublik Deutschland\u201c und zum Schluss die bl\u00f6de SPIEGELs \u201eEnergiewende\u201c-Aff\u00e4re oben drauf\u2026 Motor Europas! Ich stelle mir nur vor: Wowereit baut nicht einen Flughafen, sondern ein AKW und das Armatur-Eisen ist auseinandergestohlen! Da hat R\u00f6sler Recht: Es ist \u201evern\u00fcnftiger\u201c diese AKWs in Tschechien und Brasilien bauen\u2026 Aber genug dar\u00fcber, mir geht es weiter NUR um die \u201eEnergiewende\u201c und Industrie\u2026<\/p>\n<p>Seit einem Jahr, genauer seit der Ver\u00f6ffentlichung in der S\u00fcdd. Zeitung der Anteile der Energietr\u00e4ger an der Stromerzeugung in Deutschland 2010. habe ich auf manch Basis-Bl\u00f6dsinn in den SPIEGELs-Publikationen \u00fcber diese sog. \u201eEnergiewende\u201c absichtlich das Maul gehalten, wollte auch weiter schweigen, aber es geht mir um die Industrie\u2026 Also, Nordrhein-Westfalen, \u00a0\u2013 es wird behauptet, es sei der \u201eMotor Deutschlands\u201c,- Bev\u00f6lkerung, Industrie und-und\u2026, und Deutschland sei vor allem dank NRW &#8211; \u201eMotor Europas\u201c! Aber dieser \u201eMotor Deutschlands\u201c, der \u201eproduziert\u201c leider <strong><em>NUR 5% \u00d6kostrom<\/em><\/strong>, der <strong><em>gesamte Stromverbrauch<\/em><\/strong> des Landes ABER ist fast ein Drittel von ganz Deutschland! D.h. dann, <strong><em>dass fast ein Drittel vom gesamten deutschen \u00d6kostrom, der muss in NRW oder \u201eproduziert\u201c oder nach NRW transportiert werden! <\/em>5%<\/strong> \u00d6kostrom, das ist nicht wenig, das sind 8064 Mio. kWh im Jahr 2010, das ist zwei Mal mehr, als der ganze \u00d6kostrom in M.-V. mit 52% (3781)! <strong><em>ABER, 95% fossil und Atomstrom!<\/em><\/strong> Den riesigen Volumen sollte man sich nur vorstellen k\u00f6nnen und das ist nicht einfach. Bemerkenswert ist, dass bei ganz dieser EE-Kakofonie h\u00f6rt man kein einziges EE-Wort nicht von selbst NRW, nicht aus Berlin oder Hamburg, wie soll diese bl\u00f6de EE-Wende dort in NRW passieren! Deshalb vielleicht auch der Hammer, seit Anfang dieser EE-Kompanie, jetzt schon seit Jahren, fragt keine EE-Sau vom SPIEGEL und Bande, wie wir in der Perspektive mit der Herstellung vom \u00d6kostrom in diesen NRW-Energie-Knoten fertig werden?! Normalerweise sollte von HIER von NRW der ganze deutsche EE-Schwachsinn tanzen. Z.B., jedes Bundesland versorgt sich mit \u00d6kostrom selbst und \u201eso viel\u201c und \u201eso viel\u201c \u2013 jedes Land f\u00fcr NRW-Energie-Knoten! Das w\u00e4re genau so dumm, wie der ganze EE-Bl\u00f6dsinn, aber wenigstens \u2013 logisch! Und was machen SPIEGEL und Banda? Sie \u201ebauen\u201c Stromautobahnen durchs ganze Land bei NRW vorbei von S.-H. nach Bayern und B.-W.!<\/p>\n<p>Habe mehrmals klar gemacht, dass diese EE-Aff\u00e4re wurde von den Sozial-Kommunisten speziell als geplanter Sarkophag f\u00fcr den \u201eMotor Europas\u201c ins Leben gebracht! Jeder normaler Mensch versteht doch, dass dieser \u00a0\u00d6kostrom-Wahnsinn wird vernichtende Folgen f\u00fcr unsere Industrie haben! Wo sind heute unsere Stromriesen, die vier Strom-Konzerne, die R\u00e4uber und Volksbetr\u00fcger?! Antwort: Die EE-\u00d6kostrom-Revolution hat sie mit dem Boden gleichgemacht! Erstmals in der Geschichte der Elektroenergetik wird eine Elektrorevolution von Medien-Deppen (SPIEGEL &amp; Banda) \u201eorganisiert\u201c und durchgef\u00fchrt; dumm, wie Schafe, hat die Banda auch heute nicht verstanden, dass BAU von Elektroanlagen \u2013 das Reinstecken von Windm\u00fchlen, Stromleitungen oder D\u00e4cher solarpflastern und BETRIEB von Elektroanlagen mit Organisation der Stromversorgung &#8211; verschiedene Sachen sind! Und wo sind unsere Stromriesen? <strong><em>Genauso werden wir nach paar Jahren auch unsere Industrie im Ausland suchen!<\/em><\/strong> Das ist doch kein Geheimnis: Unsere Stromriesen, bauen z.B., in England, Spanien und-und.., und eben Windparks, Solaranlagen\u2026, aber kaum bei uns daheim und jeder normaler Mensch sollte doch fragen: WARUM?! Ja, weil sie R\u00e4uber und Volksbetr\u00fcger sind und SPIEGEL und Banda und diese \u201eneue\u201c EE-\u00d6kostrom-Oligopole, diese EE-B\u00e4nde, Verb\u00e4nde, Agenturen, die immer \u00f6fter in den Kommentaren als \u00d6kofaschisten genannt werden, haben mit dieser \u201eEE-Revolution\u201c versucht die Milliarden-Gewinne der Stromriesen in eigene Taschen umleiten\u2026 Leider Elektrotrotteln bleiben Elektrotrotteln, der Hund ist anderswo begraben, da muss man erst im Sch\u00e4del was von Elektrostrom drin haben und dann mit Gigawatte\/Cente\/Prozente bei Wind und Sonne rechnen anfangen, nicht umgekehrt-mit leerem Sch\u00e4del\u2026 Nochmal: Und wo sind unsere Stromriesen?! Sie bauen geheim und in der Eile Kohlen- und Gaskraftwerke zum Ersatz der geplanten Stilllegung der restlichen AKWs, vielleicht kann man so unsere Industrie NOCH retten und die Medien-Depperei wird jetzt sitzen und das EE-Maul halten, weil der \u201eMotor Europas\u201c mit ihrer \u201eHilfe\u201c auf die Messerschneide -\u201esein!\u201c oder \u201enicht sein!\u201c- gebracht ist und das Volk hat langsam begriffen, wer Falsifikaten, R\u00e4uber und Volksbetr\u00fcger sind\u2026<\/p>\n<p><strong><em>Ich verstehe nicht viel in der Politik, aber verspielen wir unsere wirtschaftliche Dominanz, wird keine Sau in Europa mit uns reden\u2026 <\/em><\/strong><\/p>\n<p>\u00a0<\/p>\n<p>23.01.13.<\/p>\n","protected":false},"excerpt":{"rendered":"<p>In der Politik verstehe ich nicht viel. Wenn ich aber welche zwanzig Jahren zur\u00fcckblicke, sehe ich klar den Unterschied bei der Bewertung der Bedeutung Deutschlands in Europa und f\u00fcr Europa und Rest der Welt. Aus der Sicht der Ost-Europ\u00e4er war und ist Deutschland immer noch der &#8222;Motor Europas&#8220;! Und das nicht wegen langj\u00e4hrigen leichtsinnigen Euro-Rettung &hellip; <a href=\"http:\/\/blog4schools.de\/elektroenergetik\/2013\/01\/23\/motor-europas\/\" class=\"more-link\"><span class=\"screen-reader-text\">&#8222;Motor Europas&#8220;&#8230;<\/span> weiterlesen<\/a><\/p>\n","protected":false},"author":5,"featured_media":0,"comment_status":"open","ping_status":"open","sticky":false,"template":"","format":"standard","meta":{"footnotes":""},"categories":[1],"tags":[],"_links":{"self":[{"href":"http:\/\/blog4schools.de\/elektroenergetik\/wp-json\/wp\/v2\/posts\/516"}],"collection":[{"href":"http:\/\/blog4schools.de\/elektroenergetik\/wp-json\/wp\/v2\/posts"}],"about":[{"href":"http:\/\/blog4schools.de\/elektroenergetik\/wp-json\/wp\/v2\/types\/post"}],"author":[{"embeddable":true,"href":"http:\/\/blog4schools.de\/elektroenergetik\/wp-json\/wp\/v2\/users\/5"}],"replies":[{"embeddable":true,"href":"http:\/\/blog4schools.de\/elektroenergetik\/wp-json\/wp\/v2\/comments?post=516"}],"version-history":[{"count":0,"href":"http:\/\/blog4schools.de\/elektroenergetik\/wp-json\/wp\/v2\/posts\/516\/revisions"}],"wp:attachment":[{"href":"http:\/\/blog4schools.de\/elektroenergetik\/wp-json\/wp\/v2\/media?parent=516"}],"wp:term":[{"taxonomy":"category","embeddable":true,"href":"http:\/\/blog4schools.de\/elektroenergetik\/wp-json\/wp\/v2\/categories?post=516"},{"taxonomy":"post_tag","embeddable":true,"href":"http:\/\/blog4schools.de\/elektroenergetik\/wp-json\/wp\/v2\/tags?post=516"}],"curies":[{"name":"wp","href":"https:\/\/api.w.org\/{rel}","templated":true}]}}